{"id":128,"date":"2021-12-13T14:20:00","date_gmt":"2021-12-13T13:20:00","guid":{"rendered":"https:\/\/fabriquesdesociologie.net\/Theses\/?p=128"},"modified":"2023-09-26T14:36:36","modified_gmt":"2023-09-26T12:36:36","slug":"de-la-fabrique-institutionnelle-de-limpuissance-a-agir-en-contexte-de-maladie-dalzheimer-a-une-puissance-a-agir-empowerment-etude-epistemologique-et-enjeux-sociaux","status":"publish","type":"post","link":"https:\/\/fabriquesdesociologie.net\/Theses\/2021\/12\/13\/de-la-fabrique-institutionnelle-de-limpuissance-a-agir-en-contexte-de-maladie-dalzheimer-a-une-puissance-a-agir-empowerment-etude-epistemologique-et-enjeux-sociaux\/","title":{"rendered":"Lucie OUIMET-ESSADDAM"},"content":{"rendered":"\n<h2 class=\"wp-block-heading\">De la fabrique institutionnelle de l\u2019impuissance \u00e0 agir en contexte de maladie d\u2019Alzheimer \u00e0 une puissance \u00e0 agir (empowerment) : \u00e9tude \u00e9pist\u00e9mologique et enjeux sociaux<\/h2>\n\n\n\n<p><strong>Th\u00e8se soutenue en Sciences de l\u2019\u00e9ducation \u00e0 l\u2019Universit\u00e9 Paris 8 Vincennes Saint-Denis le lundi 13 d\u00e9cembre 2021<\/strong><\/p>\n\n\n\n<p>Devant un jury compos\u00e9 de&nbsp;:<\/p>\n\n\n\n<p><strong>Luce des AULNIERS, Professeure \u00e9m\u00e9rite, Universit\u00e9 du Qu\u00e9bec \u00e0 Montr\u00e9al (rapporteure)&nbsp;; Christophe NIEWIADOMSKI, Professeur des universit\u00e9s, Universit\u00e9 de Lille (rapporteur)&nbsp;; Fr\u00e9d\u00e9rique LERBET-SERINI, Professeure des universit\u00e9s, Universit\u00e9 de Pau et des pays de l\u2019Adour (pr\u00e9sidente)&nbsp;; Donatille MUJAWAMARIYA, Professeure titulaire, Universit\u00e9 d\u2019Ottawa (co-directrice de th\u00e8se)&nbsp;; Pascal NICOLAS-LE STRAT, Professeur des universit\u00e9s, Universit\u00e9 Paris 8 Vincennes Saint-Denis (directeur de th\u00e8se)<\/strong><\/p>\n\n\n\n<p>La maladie d\u2019Alzheimer semble cristalliser l\u2019ensemble des peurs li\u00e9es au vieillissement, \u00e0 la vieillesse, \u00e0 la perte de l\u2019autonomie et de l\u2019esprit. Cette peur est multiforme, touchant \u00e0 la fois la sph\u00e8re du politique, du social et du personnel. Les m\u00e9dias relaient en boucle, \u00e0 l\u2019instar des nouvelles en continu, une vision alarmiste de la maladie. Dans ses repr\u00e9sentations les plus pessimistes, d\u2019aucuns la comparent \u00e0 la peste des temps modernes. La maladie d\u2019Alzheimer est reconnue m\u00e9dicalement comme \u00e9tant idiopathique &#8211; sans causes connues, irr\u00e9versible, d\u00e9g\u00e9n\u00e9rative et sans traitements curatifs \u00e0 l\u2019heure actuelle. Participerions-nous, avec pareille introduction, \u00e0 l\u2019effacement du malade au profit de la peur suscit\u00e9e par cette maladie&nbsp;? \u00c0 l\u2019\u00e9dification de la d\u00e9sesp\u00e9rance et de l\u2019impasse \u00e0 laquelle la m\u00e9decine est confront\u00e9e, et par extension, au climat d\u2019anxi\u00e9t\u00e9 qu\u2019engendre cette maladie englu\u00e9e dans le terreau de l\u2019hypercognitivit\u00e9 qui pr\u00e9vaut dans les soci\u00e9t\u00e9s \u00e2gistes&nbsp;? Sans doute y aurions-nous particip\u00e9, face au d\u00e9sastre, n\u2019e\u00fbt \u00e9t\u00e9 une pens\u00e9e issue du Principe Esp\u00e9rance du philosophe Ernst Bloch qui, tel le fil d\u2019Ariane, nous aura guid\u00e9e tout au long de notre recherche : Une esp\u00e9rance minimale est ontologiquement n\u00e9cessaire \u00e0 tout humain qui entend maitriser son destin. Quels <em>possibles <\/em>en contexte de maladie d\u2019Alzheimer&nbsp;? L\u2019esp\u00e9rance, aussi minimale soit-elle, est-elle soluble dans la maladie d\u2019Alzheimer ? Nous avons convoqu\u00e9 pour notre recherche la m\u00e9thode politique de Nicolas-Le Strat (2014) : La fabrique institutionnelle des impuissances \u00e0 agir au d\u00e9veloppement d\u2019une l\u00e9gitimation \u00e0 agir et d\u2019une comp\u00e9tence \u00e0 le faire. Pour l\u2019auteur, la fabrique de l\u2019impuissance \u00e0 agir \u00ab porte sur les formes d\u2019<em>incapacitation <\/em>directement engendr\u00e9es par nos statuts dans une institution donn\u00e9e \u00bb. D\u00e8s lors, quelle capacit\u00e9 \u00e0 agir peut \u00e9merger en contexte de maladie d\u2019Alzheimer pour des personnes ainsi diagnostiqu\u00e9es&nbsp;? \u00ab Quelle latitude pour faire et penser \u00bb en pareil contexte ? C\u2019est au parcours de cette exploration que nous convie cette recherche.<\/p>\n\n\n\n<div data-wp-interactive=\"core\/file\" class=\"wp-block-file\"><object data-wp-bind--hidden=\"!state.hasPdfPreview\" hidden class=\"wp-block-file__embed\" data=\"https:\/\/fabriquesdesociologie.net\/Theses\/wp-content\/uploads\/2023\/09\/Lucie_OUIMET-These.pdf\" type=\"application\/pdf\" style=\"width:100%;height:600px\" aria-label=\"Contenu embarqu\u00e9 Lucie_OUIMET-These.\"><\/object><a id=\"wp-block-file--media-a0011bc7-c23b-459e-a53a-4506502e5143\" href=\"https:\/\/fabriquesdesociologie.net\/Theses\/wp-content\/uploads\/2023\/09\/Lucie_OUIMET-These.pdf\" target=\"_blank\" rel=\"noreferrer noopener\">Lucie_OUIMET-These<\/a><\/div>\n","protected":false},"excerpt":{"rendered":"<p>De la fabrique institutionnelle de l\u2019impuissance \u00e0 agir en contexte de maladie d\u2019Alzheimer \u00e0 une puissance \u00e0 agir (empowerment) : \u00e9tude \u00e9pist\u00e9mologique et enjeux sociaux<\/p>\n","protected":false},"author":1,"featured_media":0,"comment_status":"open","ping_status":"open","sticky":false,"template":"","format":"standard","meta":{"neve_meta_sidebar":"","neve_meta_container":"","neve_meta_enable_content_width":"","neve_meta_content_width":0,"neve_meta_title_alignment":"","neve_meta_author_avatar":"","neve_post_elements_order":"","neve_meta_disable_header":"","neve_meta_disable_footer":"","neve_meta_disable_title":"","footnotes":""},"categories":[6],"tags":[10],"class_list":["post-128","post","type-post","status-publish","format-standard","hentry","category-sciences-de-leducation","tag-universite-paris-8"],"_links":{"self":[{"href":"https:\/\/fabriquesdesociologie.net\/Theses\/wp-json\/wp\/v2\/posts\/128","targetHints":{"allow":["GET"]}}],"collection":[{"href":"https:\/\/fabriquesdesociologie.net\/Theses\/wp-json\/wp\/v2\/posts"}],"about":[{"href":"https:\/\/fabriquesdesociologie.net\/Theses\/wp-json\/wp\/v2\/types\/post"}],"author":[{"embeddable":true,"href":"https:\/\/fabriquesdesociologie.net\/Theses\/wp-json\/wp\/v2\/users\/1"}],"replies":[{"embeddable":true,"href":"https:\/\/fabriquesdesociologie.net\/Theses\/wp-json\/wp\/v2\/comments?post=128"}],"version-history":[{"count":2,"href":"https:\/\/fabriquesdesociologie.net\/Theses\/wp-json\/wp\/v2\/posts\/128\/revisions"}],"predecessor-version":[{"id":132,"href":"https:\/\/fabriquesdesociologie.net\/Theses\/wp-json\/wp\/v2\/posts\/128\/revisions\/132"}],"wp:attachment":[{"href":"https:\/\/fabriquesdesociologie.net\/Theses\/wp-json\/wp\/v2\/media?parent=128"}],"wp:term":[{"taxonomy":"category","embeddable":true,"href":"https:\/\/fabriquesdesociologie.net\/Theses\/wp-json\/wp\/v2\/categories?post=128"},{"taxonomy":"post_tag","embeddable":true,"href":"https:\/\/fabriquesdesociologie.net\/Theses\/wp-json\/wp\/v2\/tags?post=128"}],"curies":[{"name":"wp","href":"https:\/\/api.w.org\/{rel}","templated":true}]}}